{"id":2176,"date":"2019-04-12T15:58:00","date_gmt":"2019-04-12T13:58:00","guid":{"rendered":"https:\/\/www.ff-mariaschmolln.at\/web\/?p=2176"},"modified":"2024-08-19T00:09:44","modified_gmt":"2024-08-18T22:09:44","slug":"fruehjahrsuebung-11-04-2019","status":"publish","type":"post","link":"https:\/\/www.ff-mariaschmolln.at\/web\/fruehjahrsuebung-11-04-2019\/","title":{"rendered":"Fr\u00fchjahrs\u00fcbung 11.04.2019"},"content":{"rendered":"\n<p>Bei der Fr\u00fchjahrs\u00fcbung am 11.04.2019 durften wir bei der Firma Schachner einen Brandeinsatz mit zwei vermissten Personen \u00fcben.<br>Es wurde beim Moosbach angesaugt und eine Schlauchleitung bis zum Brandort, dem S\u00e4gesp\u00e4nelager der Firma Schachner gelegt. Der Atemschutztrupp konnte die zwei vermissten Personen erfolgreich aus dem verrauchten Geb\u00e4ude retten.<\/p>\n\n\n\n<figure class=\"wp-block-gallery has-nested-images columns-default is-cropped wp-block-gallery-1 is-layout-flex wp-block-gallery-is-layout-flex\">\n<figure class=\"wp-block-image size-large\"><img loading=\"lazy\" decoding=\"async\" width=\"1024\" height=\"576\" data-id=\"261\" src=\"https:\/\/www.ff-mariaschmolln.at\/web\/wp-content\/uploads\/2019\/04\/fr\u00fchjahrs\u00fcbung-1024x576.jpg\" alt=\"\" class=\"wp-image-261\" srcset=\"https:\/\/www.ff-mariaschmolln.at\/web\/wp-content\/uploads\/2019\/04\/fr\u00fchjahrs\u00fcbung-1024x576.jpg 1024w, https:\/\/www.ff-mariaschmolln.at\/web\/wp-content\/uploads\/2019\/04\/fr\u00fchjahrs\u00fcbung-300x169.jpg 300w, https:\/\/www.ff-mariaschmolln.at\/web\/wp-content\/uploads\/2019\/04\/fr\u00fchjahrs\u00fcbung-768x432.jpg 768w, https:\/\/www.ff-mariaschmolln.at\/web\/wp-content\/uploads\/2019\/04\/fr\u00fchjahrs\u00fcbung.jpg 1599w\" sizes=\"auto, (max-width: 1024px) 100vw, 1024px\" \/><\/figure>\n\n\n\n<figure class=\"wp-block-image size-large\"><img loading=\"lazy\" decoding=\"async\" width=\"1024\" height=\"576\" data-id=\"260\" src=\"https:\/\/www.ff-mariaschmolln.at\/web\/wp-content\/uploads\/2019\/04\/fr\u00fchjahrs\u00fc-1024x576.jpg\" alt=\"\" class=\"wp-image-260\" srcset=\"https:\/\/www.ff-mariaschmolln.at\/web\/wp-content\/uploads\/2019\/04\/fr\u00fchjahrs\u00fc-1024x576.jpg 1024w, https:\/\/www.ff-mariaschmolln.at\/web\/wp-content\/uploads\/2019\/04\/fr\u00fchjahrs\u00fc-300x169.jpg 300w, https:\/\/www.ff-mariaschmolln.at\/web\/wp-content\/uploads\/2019\/04\/fr\u00fchjahrs\u00fc-768x432.jpg 768w, https:\/\/www.ff-mariaschmolln.at\/web\/wp-content\/uploads\/2019\/04\/fr\u00fchjahrs\u00fc.jpg 1599w\" sizes=\"auto, (max-width: 1024px) 100vw, 1024px\" \/><\/figure>\n\n\n\n<figure class=\"wp-block-image size-large\"><img loading=\"lazy\" decoding=\"async\" width=\"768\" height=\"1024\" data-id=\"259\" src=\"https:\/\/www.ff-mariaschmolln.at\/web\/wp-content\/uploads\/2019\/04\/atemschutz-768x1024.jpg\" alt=\"\" class=\"wp-image-259\" srcset=\"https:\/\/www.ff-mariaschmolln.at\/web\/wp-content\/uploads\/2019\/04\/atemschutz-768x1024.jpg 768w, https:\/\/www.ff-mariaschmolln.at\/web\/wp-content\/uploads\/2019\/04\/atemschutz-225x300.jpg 225w, https:\/\/www.ff-mariaschmolln.at\/web\/wp-content\/uploads\/2019\/04\/atemschutz.jpg 1200w\" sizes=\"auto, (max-width: 768px) 100vw, 768px\" \/><\/figure>\n<\/figure>\n","protected":false},"excerpt":{"rendered":"<p>Bei der Fr\u00fchjahrs\u00fcbung am 11.04.2019 durften wir bei der&#8230;<\/p>\n","protected":false},"author":1,"featured_media":261,"comment_status":"closed","ping_status":"closed","sticky":false,"template":"","format":"standard","meta":{"footnotes":""},"categories":[39],"tags":[],"class_list":["post-2176","post","type-post","status-publish","format-standard","has-post-thumbnail","hentry","category-uebungen-2019","comments-off"],"_links":{"self":[{"href":"https:\/\/www.ff-mariaschmolln.at\/web\/wp-json\/wp\/v2\/posts\/2176","targetHints":{"allow":["GET"]}}],"collection":[{"href":"https:\/\/www.ff-mariaschmolln.at\/web\/wp-json\/wp\/v2\/posts"}],"about":[{"href":"https:\/\/www.ff-mariaschmolln.at\/web\/wp-json\/wp\/v2\/types\/post"}],"author":[{"embeddable":true,"href":"https:\/\/www.ff-mariaschmolln.at\/web\/wp-json\/wp\/v2\/users\/1"}],"replies":[{"embeddable":true,"href":"https:\/\/www.ff-mariaschmolln.at\/web\/wp-json\/wp\/v2\/comments?post=2176"}],"version-history":[{"count":2,"href":"https:\/\/www.ff-mariaschmolln.at\/web\/wp-json\/wp\/v2\/posts\/2176\/revisions"}],"predecessor-version":[{"id":2557,"href":"https:\/\/www.ff-mariaschmolln.at\/web\/wp-json\/wp\/v2\/posts\/2176\/revisions\/2557"}],"wp:featuredmedia":[{"embeddable":true,"href":"https:\/\/www.ff-mariaschmolln.at\/web\/wp-json\/wp\/v2\/media\/261"}],"wp:attachment":[{"href":"https:\/\/www.ff-mariaschmolln.at\/web\/wp-json\/wp\/v2\/media?parent=2176"}],"wp:term":[{"taxonomy":"category","embeddable":true,"href":"https:\/\/www.ff-mariaschmolln.at\/web\/wp-json\/wp\/v2\/categories?post=2176"},{"taxonomy":"post_tag","embeddable":true,"href":"https:\/\/www.ff-mariaschmolln.at\/web\/wp-json\/wp\/v2\/tags?post=2176"}],"curies":[{"name":"wp","href":"https:\/\/api.w.org\/{rel}","templated":true}]}}