{"id":4754,"date":"2026-08-30T19:41:28","date_gmt":"2026-08-30T17:41:28","guid":{"rendered":"https:\/\/www.ff-mariaschmolln.at\/web\/?p=4754"},"modified":"2026-09-04T19:44:48","modified_gmt":"2026-09-04T17:44:48","slug":"uebungsfahrt-mzf","status":"publish","type":"post","link":"https:\/\/www.ff-mariaschmolln.at\/web\/uebungsfahrt-mzf\/","title":{"rendered":"\u00dcbungsfahrt MZF"},"content":{"rendered":"\n<p>Am 29. August hatten einige Kameraden die Gelegenheit auf einem Feld eine \u00dcbungsfahrt mit unserem MZF durchzuf\u00fchren und so die Gel\u00e4ndeg\u00e4ngigkeit des Fahrzeugs besser kennenzulernen.<\/p>\n\n\n\n<figure class=\"wp-block-gallery has-nested-images columns-default is-cropped wp-block-gallery-1 is-layout-flex wp-block-gallery-is-layout-flex\">\n<figure class=\"wp-block-image size-large\"><img loading=\"lazy\" decoding=\"async\" width=\"300\" height=\"225\" data-id=\"4756\" src=\"https:\/\/www.ff-mariaschmolln.at\/web\/wp-content\/uploads\/2026\/09\/d3428dd2-904d-4d60-b527-543fbbe8e4c7-300x225.jpeg\" alt=\"\" class=\"wp-image-4756\" srcset=\"https:\/\/www.ff-mariaschmolln.at\/web\/wp-content\/uploads\/2026\/09\/d3428dd2-904d-4d60-b527-543fbbe8e4c7-300x225.jpeg 300w, https:\/\/www.ff-mariaschmolln.at\/web\/wp-content\/uploads\/2026\/09\/d3428dd2-904d-4d60-b527-543fbbe8e4c7-200x150.jpeg 200w, https:\/\/www.ff-mariaschmolln.at\/web\/wp-content\/uploads\/2026\/09\/d3428dd2-904d-4d60-b527-543fbbe8e4c7-768x576.jpeg 768w, https:\/\/www.ff-mariaschmolln.at\/web\/wp-content\/uploads\/2026\/09\/d3428dd2-904d-4d60-b527-543fbbe8e4c7-1536x1152.jpeg 1536w, https:\/\/www.ff-mariaschmolln.at\/web\/wp-content\/uploads\/2026\/09\/d3428dd2-904d-4d60-b527-543fbbe8e4c7-600x450.jpeg 600w, https:\/\/www.ff-mariaschmolln.at\/web\/wp-content\/uploads\/2026\/09\/d3428dd2-904d-4d60-b527-543fbbe8e4c7.jpeg 1600w\" sizes=\"auto, (max-width: 300px) 100vw, 300px\" \/><\/figure>\n\n\n\n<figure class=\"wp-block-image size-large\"><img loading=\"lazy\" decoding=\"async\" width=\"300\" height=\"225\" data-id=\"4757\" src=\"https:\/\/www.ff-mariaschmolln.at\/web\/wp-content\/uploads\/2026\/09\/b5eab371-ad83-4943-8740-1ece64ffcea2-300x225.jpeg\" alt=\"\" class=\"wp-image-4757\" srcset=\"https:\/\/www.ff-mariaschmolln.at\/web\/wp-content\/uploads\/2026\/09\/b5eab371-ad83-4943-8740-1ece64ffcea2-300x225.jpeg 300w, https:\/\/www.ff-mariaschmolln.at\/web\/wp-content\/uploads\/2026\/09\/b5eab371-ad83-4943-8740-1ece64ffcea2-200x150.jpeg 200w, https:\/\/www.ff-mariaschmolln.at\/web\/wp-content\/uploads\/2026\/09\/b5eab371-ad83-4943-8740-1ece64ffcea2-768x576.jpeg 768w, https:\/\/www.ff-mariaschmolln.at\/web\/wp-content\/uploads\/2026\/09\/b5eab371-ad83-4943-8740-1ece64ffcea2-1536x1152.jpeg 1536w, https:\/\/www.ff-mariaschmolln.at\/web\/wp-content\/uploads\/2026\/09\/b5eab371-ad83-4943-8740-1ece64ffcea2-600x450.jpeg 600w, https:\/\/www.ff-mariaschmolln.at\/web\/wp-content\/uploads\/2026\/09\/b5eab371-ad83-4943-8740-1ece64ffcea2.jpeg 1600w\" sizes=\"auto, (max-width: 300px) 100vw, 300px\" \/><\/figure>\n\n\n\n<figure class=\"wp-block-image size-large\"><img loading=\"lazy\" decoding=\"async\" width=\"300\" height=\"225\" data-id=\"4755\" src=\"https:\/\/www.ff-mariaschmolln.at\/web\/wp-content\/uploads\/2026\/09\/9ba2a40e-f4db-42f7-8817-9ad777f1cd86-300x225.jpeg\" alt=\"\" class=\"wp-image-4755\" srcset=\"https:\/\/www.ff-mariaschmolln.at\/web\/wp-content\/uploads\/2026\/09\/9ba2a40e-f4db-42f7-8817-9ad777f1cd86-300x225.jpeg 300w, https:\/\/www.ff-mariaschmolln.at\/web\/wp-content\/uploads\/2026\/09\/9ba2a40e-f4db-42f7-8817-9ad777f1cd86-200x150.jpeg 200w, https:\/\/www.ff-mariaschmolln.at\/web\/wp-content\/uploads\/2026\/09\/9ba2a40e-f4db-42f7-8817-9ad777f1cd86-768x576.jpeg 768w, https:\/\/www.ff-mariaschmolln.at\/web\/wp-content\/uploads\/2026\/09\/9ba2a40e-f4db-42f7-8817-9ad777f1cd86-1536x1152.jpeg 1536w, https:\/\/www.ff-mariaschmolln.at\/web\/wp-content\/uploads\/2026\/09\/9ba2a40e-f4db-42f7-8817-9ad777f1cd86-600x450.jpeg 600w, https:\/\/www.ff-mariaschmolln.at\/web\/wp-content\/uploads\/2026\/09\/9ba2a40e-f4db-42f7-8817-9ad777f1cd86.jpeg 1600w\" sizes=\"auto, (max-width: 300px) 100vw, 300px\" \/><\/figure>\n<\/figure>\n","protected":false},"excerpt":{"rendered":"<p>Am 29. August hatten einige Kameraden die Gelegenheit\u2026<\/p>\n","protected":false},"author":1,"featured_media":4756,"comment_status":"closed","ping_status":"closed","sticky":false,"template":"","format":"standard","meta":{"footnotes":""},"categories":[50],"tags":[],"class_list":["post-4754","post","type-post","status-publish","format-standard","has-post-thumbnail","hentry","category-news-2026","comments-off"],"_links":{"self":[{"href":"https:\/\/www.ff-mariaschmolln.at\/web\/wp-json\/wp\/v2\/posts\/4754","targetHints":{"allow":["GET"]}}],"collection":[{"href":"https:\/\/www.ff-mariaschmolln.at\/web\/wp-json\/wp\/v2\/posts"}],"about":[{"href":"https:\/\/www.ff-mariaschmolln.at\/web\/wp-json\/wp\/v2\/types\/post"}],"author":[{"embeddable":true,"href":"https:\/\/www.ff-mariaschmolln.at\/web\/wp-json\/wp\/v2\/users\/1"}],"replies":[{"embeddable":true,"href":"https:\/\/www.ff-mariaschmolln.at\/web\/wp-json\/wp\/v2\/comments?post=4754"}],"version-history":[{"count":1,"href":"https:\/\/www.ff-mariaschmolln.at\/web\/wp-json\/wp\/v2\/posts\/4754\/revisions"}],"predecessor-version":[{"id":4758,"href":"https:\/\/www.ff-mariaschmolln.at\/web\/wp-json\/wp\/v2\/posts\/4754\/revisions\/4758"}],"wp:featuredmedia":[{"embeddable":true,"href":"https:\/\/www.ff-mariaschmolln.at\/web\/wp-json\/wp\/v2\/media\/4756"}],"wp:attachment":[{"href":"https:\/\/www.ff-mariaschmolln.at\/web\/wp-json\/wp\/v2\/media?parent=4754"}],"wp:term":[{"taxonomy":"category","embeddable":true,"href":"https:\/\/www.ff-mariaschmolln.at\/web\/wp-json\/wp\/v2\/categories?post=4754"},{"taxonomy":"post_tag","embeddable":true,"href":"https:\/\/www.ff-mariaschmolln.at\/web\/wp-json\/wp\/v2\/tags?post=4754"}],"curies":[{"name":"wp","href":"https:\/\/api.w.org\/{rel}","templated":true}]}}